{"id":560,"date":"2022-09-02T09:02:28","date_gmt":"2022-09-02T14:02:28","guid":{"rendered":"https:\/\/blogue.rolandogomes.com\/?p=560"},"modified":"2022-09-02T11:28:41","modified_gmt":"2022-09-02T16:28:41","slug":"confessions-et-reflexions-dadieu-a-la-course-a-pied","status":"publish","type":"post","link":"https:\/\/blogue.rolandogomes.com\/index.php\/2022\/09\/02\/confessions-et-reflexions-dadieu-a-la-course-a-pied\/","title":{"rendered":"Confessions et r\u00e9flexions d\u2019adieu \u00e0 la course \u00e0 pied"},"content":{"rendered":"\n<p class=\"has-drop-cap\">Mes jours de course \u00e0 pied sont compt\u00e9s. Cependant, l\u2019\u00e2ge, ou plut\u00f4t le vieillissement n\u2019y est pour rien.<\/p>\n\n\n\n<p>Si toutes les personnes m\u2019ayant aper\u00e7u ou fr\u00e9quent\u00e9 au cours de leur vie pouvaient \u00eatre rassembl\u00e9es dans une m\u00eame pi\u00e8ce pour traiter de mon cas, elles me d\u00e9criraient toutes comme un homme d\u2019\u00e2ge moyen, un homme dans la quarantaine.<\/p>\n\n\n\n<p>\u00c0 dire vrai, non seulement suis-je hors d\u2019atteinte de la vieillesse, mais je ne conna\u00eetrais non plus jamais le sort que subit in\u00e9vitablement tout \u00eatre vivant en ce monde. Comme l\u2019a si justement \u00e9crit Voltaire \u00e0 mon sujet dans une lettre \u00e0 Fr\u00e9d\u00e9ric&nbsp;II de Prusse&nbsp;: \u00ab&nbsp;C\u2019est un homme qui ne meurt jamais&nbsp;\u00bb.<\/p>\n\n\n\n<p>Ainsi, ni la vieillesse ni la mort ne sont la cause de mon infortune. Si l\u2019heure des adieux \u00e0 la course \u00e0 pied approche pour moi, c\u2019est uniquement parce que je serai bient\u00f4t d\u00e9masqu\u00e9. Une seule possibilit\u00e9 s\u2019offrira alors \u00e0 moi&nbsp;: renoncer \u00e0 la course \u00e0 pied et me retirer \u00e0 tout jamais dans l\u2019oubli et un \u00e9r\u00e9mitisme total. Il s\u2019agit du ch\u00e2timent r\u00e9serv\u00e9 \u00e0 ceux parmi les miens qui d\u00e9rogent au seul commandement auquel nous devons ob\u00e9ir.<\/p>\n\n\n\n<p>Les miens, ce sont les autres immortels de la filiation spirituelle \u00e0 laquelle j\u2019appartiens. Chacun des fid\u00e8les de notre filiation est m\u00fb par une d\u00e9votion si profonde et totale pour la course \u00e0 pied qu\u2019elle d\u00e9passerait l\u2019entendement de tous ces mortels aujourd\u2019hui appel\u00e9s coureurs. L\u2019\u00e9tablissement de cette filiation remonte \u00e0 un pass\u00e9 lointain, tr\u00e8s lointain, longtemps avant que la course \u00e0 pied ne s\u2019avilisse au point de devenir mode, style de vie, objet d\u2019ostentation, source de vantardise.<\/p>\n\n\n\n<p>Quant au commandement auquel il nous faut imp\u00e9rativement ob\u00e9ir, il nous dicte de pr\u00e9server la puret\u00e9 de la course \u00e0 pied en courant dans un secret absolu. Cette prescription morale repose donc sur un principe que bon nombre de mortels qui s\u2019adonnent de nos jours \u00e0 la course \u00e0 pied sont incapables d\u2019appr\u00e9hender&nbsp;: courir pour soi. Voil\u00e0, en somme, notre unique raison d\u2019\u00eatre en ce monde, notre vocation.<\/p>\n\n\n\n<p>Jusqu\u2019ici, je suis parvenu \u00e0 observer ce commandement gr\u00e2ce \u00e0 mon \u00e9rudition ainsi qu\u2019\u00e0 mes talents de conteur et \u00e0 mes habilet\u00e9s pour la persuasion. P\u00e9r\u00e9grinant parmi les mortels depuis des temps imm\u00e9moriaux, j\u2019ai accumul\u00e9 une myriade d\u2019histoires et d\u2019anecdotes personnelles, en plus d\u2019avoir fr\u00e9quent\u00e9 des mortels tenus pour des \u00ab&nbsp;personnages historiques importants&nbsp;\u00bb par leurs semblables. Lorsque ces histoires et anecdotes pouvaient m\u2019aider \u00e0 d\u00e9tourner l\u2019attention des mortels pour continuer \u00e0 courir dans le secret, je ne me faisais pas scrupule tr\u00e8s longtemps de les exploiter \u00e0 cette fin.<\/p>\n\n\n\n<p>Il en a toujours \u00e9t\u00e9 ainsi de mes r\u00e9cits concernant mes s\u00e9jours dans l\u2019Atlantide, en Perse, en Inde et en Chine, le combat entre David et Goliath, les noces de Cana, ou encore mes relations d\u2019amiti\u00e9 avec Ponce Pilate, mes parties de chasse avec Charlemagne et les verres que j\u2019ai partag\u00e9s avec Luther.<\/p>\n\n\n\n<p>Parfois, j\u2019ai pu m\u2019en tenir \u00e0 la stricte v\u00e9rit\u00e9; d\u2019autres fois, j\u2019ai d\u00fb recourir au mensonge; le plus souvent toutefois, j\u2019ai fait usage d\u2019un habile m\u00e9lange des deux. Mais, quelle qu\u2019ait \u00e9t\u00e9 la voie utilis\u00e9e, mon but demeurait le m\u00eame&nbsp;: marquer l\u2019esprit des mortels avec mes r\u00e9cits et anecdotes. \u00c9merveillement et mystification. Tels ont \u00e9t\u00e9 les subterfuges qui m\u2019ont permis de courir dans un secret absolu.<\/p>\n\n\n\n<p>Malheureusement, par une cruelle ironie du sort, ces m\u00eames aptitudes \u00e0 \u00e9merveiller et \u00e0 mystifier les mortels sont \u00e9galement \u00e0 l\u2019origine de ma perte. En fait, certaines de mes apparitions ont \u00e9t\u00e9 \u00e0 ce point marquantes qu\u2019elles ont produit l\u2019effet contraire \u00e0 celui que j\u2019ai toujours poursuivi, soit d\u00e9tourner l\u2019attention.<\/p>\n\n\n\n<p>Aujourd\u2019hui, l\u2019une de ces apparitions parmi les mortels qui ont fini par jouer \u00e0 mon d\u00e9triment ressort d\u2019une mani\u00e8re bien distincte&nbsp;: mon entretien avec la marquise de Pompadour en f\u00e9vrier 1758, peu apr\u00e8s mon retour \u00e0 Paris.<\/p>\n\n\n\n<p>La marquise \u00e9tait bien au fait de la rumeur voulant que, sous mon apparence d\u2019homme d\u2019\u00e2ge moyen, se cachait un vieillard \u00e2g\u00e9 de plusieurs si\u00e8cles. Une comtesse du nom de Gergy avait contribu\u00e9 \u00e0 accr\u00e9diter cette rumeur en lui racontant qu\u2019elle s\u2019\u00e9tait entretenue avec moi \u00e0 Venise 50&nbsp;ans auparavant et que mon apparence physique \u00e9tait depuis demeur\u00e9e intacte. Intrigu\u00e9e, la marquise de Pompadour m\u2019interrogea donc \u00e0 ce sujet.<\/p>\n\n\n\n<p>Sans h\u00e9sitation, j\u2019admis que j\u2019avais effectivement fait la rencontre de la comtesse de Gergy il y avait de cela fort longtemps. Cette r\u00e9v\u00e9lation amena la marquise de Pompadour \u00e0 conclure \u00e0 la fois avec incr\u00e9dulit\u00e9 et stupeur que j\u2019\u00e9tais \u00e2g\u00e9 de plus de 100&nbsp;ans, ce qu\u2019elle me pressa de bien vouloir confirmer.<\/p>\n\n\n\n<p>Au moment m\u00eame o\u00f9 se d\u00e9roulait cette discussion, j\u2019\u00e9tais obnubil\u00e9 par ce qui m\u2019apparaissait \u00eatre une formidable occasion d\u2019embrouiller un peu plus encore le myst\u00e8re m\u2019entourant. L\u2019\u00e9poque o\u00f9 la transmission du savoir parmi les mortels reposait sur l\u2019oralit\u00e9 et les textes manuscrits \u00e9tait r\u00e9volue. \u00c0 grands coups de caract\u00e8res mobiles m\u00e9talliques, l\u2019av\u00e8nement de l\u2019imprimerie avait donn\u00e9 \u00e0 la diffusion de l\u2019information et des \u00e9crits une rapidit\u00e9 et une ampleur sans pr\u00e9c\u00e9dent. Mon intuition me disait que ma r\u00e9ponse \u00e0 la marquise de Pompadour serait non seulement consign\u00e9e dans diff\u00e9rentes relations \u00e9crites de notre entretien, mais \u00e9galement propag\u00e9e \u00e0 tr\u00e8s vaste \u00e9chelle et pendant tr\u00e8s longtemps.<\/p>\n\n\n\n<div class=\"wp-block-columns is-layout-flex wp-container-core-columns-is-layout-d0b3c9c8 wp-block-columns-is-layout-flex\">\n<div class=\"wp-block-column is-layout-flow wp-block-column-is-layout-flow\">\n<p class=\"has-text-align-left\">\u00ab&nbsp;Cela n\u2019est pas impossible, r\u00e9torquai-je, sourire aux l\u00e8vres. Mais il se pourrait \u00e9galement que la comtesse fabule quelque peu\u2026&nbsp;\u00bb<\/p>\n<\/div>\n\n\n\n<div class=\"wp-block-column is-layout-flow wp-block-column-is-layout-flow\">\n<figure class=\"wp-block-image size-full\"><img loading=\"lazy\" decoding=\"async\" width=\"500\" height=\"300\" src=\"https:\/\/blogue.rolandogomes.com\/wp-content\/uploads\/2022\/09\/Saint-Germain.jpg\" alt=\"\" class=\"wp-image-569\" srcset=\"https:\/\/blogue.rolandogomes.com\/wp-content\/uploads\/2022\/09\/Saint-Germain.jpg 500w, https:\/\/blogue.rolandogomes.com\/wp-content\/uploads\/2022\/09\/Saint-Germain-300x180.jpg 300w\" sizes=\"auto, (max-width: 500px) 100vw, 500px\" \/><\/figure>\n<\/div>\n<\/div>\n\n\n\n<p>J\u2019avais vu juste! \u00c0 ce jour encore, les divers r\u00e9cits et les diff\u00e9rentes interpr\u00e9tations de cet entretien, ainsi que les quelques variations, et contradictions m\u00eame, qui y sont ais\u00e9ment relev\u00e9es, contribuent \u00e0 alimenter le myst\u00e8re \u00e0 mon sujet.<\/p>\n\n\n\n<p>Cependant, au cours des semaines et des mois qui suivirent, le profond contentement que me procura mon entretien avec la marquise de Pompadour s\u2019expliquait par une autre raison&nbsp;: le concours de circonstances qui a d\u00e9coul\u00e9 de notre conversation.<\/p>\n\n\n\n<p>L\u2019impression que je fis sur la marquise de Pompadour, qui, m\u00eame si elle n\u2019\u00e9tait plus la favorite de Louis&nbsp;XV, jouissait encore d\u2019une forte influence sur la famille royale, fut d\u2019une pr\u00e9gnance telle qu\u2019elle d\u00e9cida de me pr\u00e9senter au roi de France.<\/p>\n\n\n\n<p>Ce privil\u00e8ge suscita des sentiments hostiles \u00e0 mon endroit de la part du duc de Choiseul, qui venait d\u2019acc\u00e9der aux fonctions de secr\u00e9taire d\u2019\u00c9tat aux Affaires \u00e9trang\u00e8res. Or, les sentiments du duc se sont traduits en malveillance, qui, elle, m\u2019a permis de renouer avec ma vocation apr\u00e8s plusieurs mois \u00e0 errer, et sans pouvoir v\u00e9ritablement courir \u00e0 mon aise, entre mes appartements, situ\u00e9s dans le ch\u00e2teau de Chambord, et Paris.<\/p>\n\n\n\n<p>\u00c0 l\u2019\u00e9poque, la France \u00e9tait en conflit avec la Grande-Bretagne, affrontement que l\u2019Histoire \u2013 celle des mortels, bien \u00e9videmment \u2013 consacrera en lui donnant le nom de \u00ab&nbsp;guerre de Sept Ans&nbsp;\u00bb. Des pourparlers de paix avaient \u00e9t\u00e9 engag\u00e9s, mais ils avaient \u00e9t\u00e9 rompus peu apr\u00e8s. En f\u00e9vrier 1760, je partis en mission de paix en direction des Provinces-Unies pour r\u00e9tablir ce dialogue. J\u2019\u00e9tais en possession d\u2019un blanc-seing sign\u00e9 du roi Louis XV lui-m\u00eame, mais cette mission se d\u00e9roulait dans le plus grand des secrets, et, surtout, \u00e0 l\u2019insu du duc de Choiseul.<\/p>\n\n\n\n<p>Six jours et quelque 500&nbsp;kilom\u00e8tres plus tard, je parvenais \u00e0 destination, en l\u2019occurrence Amsterdam. Pour m\u2019y rendre, j\u2019ai fait ce que je faisais depuis des si\u00e8cles d\u00e9j\u00e0 lors de mes p\u00e9r\u00e9grinations \u00e0 travers temps et lieux&nbsp;: me d\u00e9placer \u00e0 la course dans un secret absolu. Chemin faisant, j\u2019ai d\u00fb lutter contre les \u00e9l\u00e9ments et traverser des moments \u00e9prouvants, mais tous ces d\u00e9sagr\u00e9ments importaient peu. Seul importait l\u2019acte de courir dans sa forme la plus pure et primitive, celle que je prot\u00e9geais depuis longtemps, tr\u00e8s longtemps, bien avant que la subdivision de la course \u00e0 pied en disciplines et cat\u00e9gories ne vienne souiller la puret\u00e9 de la course \u00e0 pied\u2026<\/p>\n\n\n\n<p>Le fait que j\u2019agisse \u00e0 son insu suscita l\u2019ire du duc de Choiseul, qui entreprit de comploter contre moi, allant m\u00eame jusqu\u2019\u00e0 me menacer de me jeter pour \u00ab&nbsp;le reste de [mes] jours dans un cul-de-basse-fosse&nbsp;\u00bb. La perspective de s\u00e9journer dans un cachot souterrain et d\u2019\u00eatre priv\u00e9 de ma libert\u00e9 de mouvement, et donc de ma vocation, m\u2019incitait vivement \u00e0 fuir La Haye, o\u00f9 je m\u2019\u00e9tais install\u00e9 entre-temps. Peu de temps apr\u00e8s, le duc de Choiseul ordonna mon arrestation, et je d\u00e9cidai de prendre la fuite.<\/p>\n\n\n\n<p>Dix jours plus tard, j\u2019arrivais \u00e0 Londres, trajet que j\u2019avais parcouru secr\u00e8tement \u00e0 la course \u00e0 pied, hormis, bien \u00e9videmment, pour ce qui est de la travers\u00e9e de la baie Flamande. J\u2019\u00e9tais d\u00e8s lors hors d\u2019atteinte du mandat d\u2019arrestation du duc de Choiseul. Toutefois, les d\u00e9marches entreprises par ce dernier \u00e0 mon encontre m\u2019avaient profond\u00e9ment inqui\u00e9t\u00e9. Ma fuite vers Londres marqua par cons\u00e9quent le d\u00e9but d\u2019une succession de p\u00e9r\u00e9grinations qui s\u2019est \u00e9tendue sur une p\u00e9riode de 24&nbsp;ans ainsi que sur un vaste territoire.<\/p>\n\n\n\n<p>Mais malgr\u00e9 ces d\u00e9placements continus en de nombreux endroits, je m\u2019inqui\u00e9tais chaque jour un peu plus pour l\u2019int\u00e9grit\u00e9 du secret que je prot\u00e9geais depuis toujours.<\/p>\n\n\n\n<p>Puis, un incident survenu alors que je m\u2019adonnais \u00e0 ma vocation attisa grandement mes craintes.<\/p>\n\n\n\n<p>Je me trouvais sur le territoire de l\u2019Empire russe lorsque je fis soudainement la rencontre d\u2019un officier, un d\u00e9nomm\u00e9 van Hotz. J\u2019eus la fortune de me rendre compte de sa pr\u00e9sence suffisamment \u00e0 temps pour dissimuler le fait que je me d\u00e9pla\u00e7ais \u00e0 la course, mais je n\u2019eus d\u2019autre choix que de feindre une blessure et de monter \u00e0 bord de la voiture de ce militaire pour retourner \u00e0 Moscou.<\/p>\n\n\n\n<p>Par chance, la tromperie porta ses fruits, et un conseiller du prince et g\u00e9n\u00e9ral prussien Fr\u00e9d\u00e9ric-Auguste de Brunswick informerait ult\u00e9rieurement son souverain par voie de correspondance que l\u2019officier van Hotz m\u2019avait rencontr\u00e9 \u00ab&nbsp;errant tristement sur la route en Russie, \u00e0 cause d\u2019une blessure au pied [\u2026]&nbsp;\u00bb. Je fus grandement soulag\u00e9 en constatant que la missive du conseiller ne contenait aucune mention du fait que je me d\u00e9pla\u00e7ais \u00e0 la course.<\/p>\n\n\n\n<p>N\u00e9anmoins, l\u2019incident m\u2019avait profond\u00e9ment marqu\u00e9, tout autant m\u00eame que lorsque le duc de Choiseul avait fait peser sur moi sa menace d\u2019emprisonnement \u00e0 vie. Il s\u2019en \u00e9tait fallu de peu, de tr\u00e8s peu, pour que mon secret soit perc\u00e9 \u00e0 jour et que je subisse le ch\u00e2timent ultime r\u00e9serv\u00e9 aux miens.<\/p>\n\n\n\n<p>Alors que plusieurs soi-disant amoureux de la course \u00e0 pied d\u2019aujourd\u2019hui semblent parfois n\u2019\u00e9prouver aucune vergogne \u00e0 pr\u00e9texter ou \u00e0 exag\u00e9rer une douleur pour \u00e9viter de courir, jamais je n\u2019avais con\u00e7u comme admissible l\u2019id\u00e9e de ne pas courir lorsque je le pouvais; celle d\u2019\u00eatre contraint de renoncer \u00e0 ma vocation \u00e0 tout jamais, elle, me pesait d\u2019une lourdeur indicible. Cette rencontre inattendue en Russie, en me faisant r\u00e9aliser que l\u2019int\u00e9grit\u00e9 de mon secret ne tenait qu\u2019\u00e0 peu de choses, heurta violemment ma conscience.<\/p>\n\n\n\n<p>Quoi qu\u2019il en soit, \u00e0 cet incident s\u2019ajoutait le fait que, partout o\u00f9 j\u2019allais, ma r\u00e9putation me pr\u00e9c\u00e9dait, \u00e0 savoir celle d\u2019un homme qui menait une vie vagabonde, qui ne semblait jamais vieillir et qui \u00e9merveillait quiconque croisait son chemin avec son \u00e9rudition et ses histoires et anecdotes.<\/p>\n\n\n\n<p>Or, pendant longtemps, les mortels s\u2019\u00e9taient principalement int\u00e9ress\u00e9s \u00e0 ce que je racontais. Mais au cours des derniers temps, j\u2019avais remarqu\u00e9 que plusieurs d\u2019entre eux portaient de moins en moins leur attention sur mes histoires et anecdotes, et de plus en plus sur mes all\u00e9es et venues.<\/p>\n\n\n\n<p>J\u2019avais tent\u00e9 de brouiller les pistes en attirant l\u2019attention sur certaines autres de mes activit\u00e9s ainsi que sur des informations et des ou\u00ef-dire circulant \u00e0 mon sujet, notamment mes travaux d\u2019alchimie, ma qu\u00eate de la pierre philosophale, mes fabriques de couleurs, mon affiliation \u00e0 la franc-ma\u00e7onnerie, mon appartenance aux Illumin\u00e9s, mon r\u00f4le dans le renversement de l\u2019empereur russe Pierre&nbsp;III, mon immortalit\u00e9, ma capacit\u00e9 \u00e0 voyager dans le temps ou encore mon statut de d\u00e9tenteur et gardien de la Flamme violette.<\/p>\n\n\n\n<p>Mais malgr\u00e9 mes efforts, je sentais que l\u2019\u00e9tau se resserrait de plus en plus autour de moi. Il n\u2019\u00e9tait plus qu\u2019une question de temps avant que les mortels commencent \u00e0 s\u2019interroger sur les moyens que j\u2019employais pour me d\u00e9placer aussi fr\u00e9quemment et en des lieux aussi vari\u00e9s et dispers\u00e9s.<\/p>\n\n\n\n<p>En 1781, je d\u00e9cidai donc de m\u2019installer \u00e0 Eckernf\u00f6rde pour pr\u00e9parer mon \u00ab&nbsp;extraction&nbsp;\u00bb, c\u2019est-\u00e0-dire la mise en sc\u00e8ne de ma mort, que je programmai pour le 27&nbsp;f\u00e9vrier 1784. Pour l\u2019occasion, je m\u2019offris un d\u00e9part teint\u00e9 d\u2019une certaine ironie. Moi, qui, depuis des si\u00e8cles et des si\u00e8cles, me d\u00e9pla\u00e7ais \u00e0 la course \u00e0 pied \u00e0 travers temps et lieux, je fis croire aux mortels que mon d\u00e9c\u00e8s \u00e9tait attribuable\u2026 \u00e0 une attaque de paralysie!<\/p>\n\n\n\n<p>\u00c9videmment, mon retrait fut temporaire, et je r\u00e9apparus parmi les mortels quelque temps plus tard. Ma d\u00e9votion pour la course \u00e0 pied demeurait intacte, soit totale et sans compromis, et je profitais de la moindre occasion qui se pr\u00e9sentait \u00e0 moi pour m\u2019adonner \u00e0 ma vocation.<\/p>\n\n\n\n<p>Toutefois, une fougue nouvelle br\u00fblait en moi, une fougue qui m\u2019amenait parfois \u00e0 me conduire imprudemment, comme en t\u00e9moignent ma liaison amoureuse avec Dalida ainsi que mes apparitions \u00e0 la t\u00e9l\u00e9vision pour prouver ma capacit\u00e9 \u00e0 transformer les m\u00e9taux vils en or.<\/p>\n\n\n\n<p>Pour \u00eatre tout \u00e0 fait exact, je dirais que j\u2019\u00e9tais anim\u00e9 par une sorte de force que les mortels d\u00e9criraient comme un sentiment d\u2019urgence de vivre. \u00c9videmment, un tel \u00e9tat affectif ne seyait aucunement \u00e0 un immortel. Et en effet, le sentiment qui m\u2019habitait ne concernait pas ma vie \u00e0 proprement parler ou les jours qu\u2019il me restait \u00e0 vivre.<\/p>\n\n\n\n<p>En fait, je m\u2019\u00e9tais r\u00e9sign\u00e9 \u00e0 l\u2019id\u00e9e que mes apparitions parmi les mortels avaient \u00e9t\u00e9 trop nombreuses et trop marquantes. J\u2019occupais d\u00e9sormais une place beaucoup trop importante dans la m\u00e9moire collective des mortels pour pouvoir continuer \u00e0 courir dans un secret absolu. Mes jours de course \u00e0 pied \u00e9taient donc compt\u00e9s, et je voulais jouir pleinement de chacune de ces journ\u00e9es, vivre ces journ\u00e9es en cons\u00e9quence.<\/p>\n\n\n\n<p>Ces derni\u00e8res r\u00e9flexions me ram\u00e8nent \u00e0 ces mortels qui se disent adeptes de la course \u00e0 pied. Aux yeux de l\u2019immortel que je suis, plusieurs d\u2019entre eux me semblent malheureusement partager un m\u00eame trait de caract\u00e8re&nbsp;: une propension \u00e0 se conduire comme si le temps leur \u00e9tait une ressource banale et in\u00e9puisable. Voil\u00e0 qui r\u00e9sume bien ce qu\u2019il y a de plus exasp\u00e9rant chez plusieurs de ces mortels&nbsp;: leur refus d\u2019admettre que leurs jours de course \u00e0 pied sont compt\u00e9s\u2026 leur refus de vivre leur vie de coureur en cons\u00e9quence.<\/p>\n\n\n\n<hr class=\"wp-block-separator has-alpha-channel-opacity\"\/>\n\n\n\n<p>*Merci \u00e0 Canibus, qui m\u2019a fait d\u00e9couvrir le comte de Saint-Germain avec ses textes, l\u2019une des nombreuses choses que le Hip-Hop m\u2019a apprises au cours de ma vie. Curieusement, le pr\u00e9nom de Canibus est Germaine\u2026<\/p>\n\n\n<div class=\"wp-block-image\">\n<figure class=\"aligncenter size-full\"><img loading=\"lazy\" decoding=\"async\" width=\"181\" height=\"60\" src=\"https:\/\/blogue.rolandogomes.com\/wp-content\/uploads\/2020\/12\/NEMpetit.jpg\" alt=\"\" class=\"wp-image-15\"\/><\/figure>\n<\/div>","protected":false},"excerpt":{"rendered":"<p>Mes jours de course \u00e0 pied sont compt\u00e9s. Cependant, l\u2019\u00e2ge, ou plut\u00f4t le vieillissement n\u2019y est pour rien. Si toutes les personnes m\u2019ayant aper\u00e7u ou fr\u00e9quent\u00e9 au cours de leur vie pouvaient \u00eatre rassembl\u00e9es dans une m\u00eame pi\u00e8ce pour traiter de mon cas, elles me d\u00e9criraient toutes comme un homme d\u2019\u00e2ge moyen, un homme dans&hellip;<\/p>\n","protected":false},"author":1,"featured_media":0,"comment_status":"closed","ping_status":"closed","sticky":false,"template":"","format":"standard","meta":{"footnotes":""},"categories":[1],"tags":[],"class_list":["post-560","post","type-post","status-publish","format-standard","hentry","category-textes-divers"],"yoast_head":"<!-- This site is optimized with the Yoast SEO plugin v27.4 - https:\/\/yoast.com\/product\/yoast-seo-wordpress\/ -->\n<title>Confessions et r\u00e9flexions d\u2019adieu \u00e0 la course \u00e0 pied - Dans la grotte des souffrances<\/title>\n<meta name=\"description\" content=\"Confessions et r\u00e9flexions d\u2019adieu \u00e0 la course \u00e0 pied - Dans la grotte des souffrances (blogue sur la course \u00e0 pied)\" \/>\n<meta name=\"robots\" content=\"index, follow, max-snippet:-1, max-image-preview:large, max-video-preview:-1\" \/>\n<link rel=\"canonical\" href=\"https:\/\/blogue.rolandogomes.com\/index.php\/2022\/09\/02\/confessions-et-reflexions-dadieu-a-la-course-a-pied\/\" \/>\n<meta property=\"og:locale\" content=\"fr_CA\" \/>\n<meta property=\"og:type\" content=\"article\" \/>\n<meta property=\"og:title\" content=\"Confessions et r\u00e9flexions d\u2019adieu \u00e0 la course \u00e0 pied\" \/>\n<meta property=\"og:description\" content=\"Dans la grotte des souffrances\" \/>\n<meta property=\"og:url\" content=\"https:\/\/blogue.rolandogomes.com\/index.php\/2022\/09\/02\/confessions-et-reflexions-dadieu-a-la-course-a-pied\/\" \/>\n<meta property=\"og:site_name\" content=\"Dans la grotte des souffrances\" \/>\n<meta property=\"article:published_time\" content=\"2022-09-02T14:02:28+00:00\" \/>\n<meta property=\"article:modified_time\" content=\"2022-09-02T16:28:41+00:00\" \/>\n<meta property=\"og:image\" content=\"https:\/\/blogue.rolandogomes.com\/wp-content\/uploads\/2022\/09\/Saint-Germain.jpg\" \/>\n\t<meta property=\"og:image:width\" content=\"500\" \/>\n\t<meta property=\"og:image:height\" content=\"300\" \/>\n\t<meta property=\"og:image:type\" content=\"image\/jpeg\" \/>\n<meta name=\"author\" content=\"Rolando Gomes\" \/>\n<meta name=\"twitter:card\" content=\"summary_large_image\" \/>\n<meta name=\"twitter:label1\" content=\"\u00c9crit par\" \/>\n\t<meta name=\"twitter:data1\" content=\"Rolando Gomes\" \/>\n\t<meta name=\"twitter:label2\" content=\"Estimation du temps de lecture\" \/>\n\t<meta name=\"twitter:data2\" content=\"13 minutes\" \/>\n<script type=\"application\/ld+json\" class=\"yoast-schema-graph\">{\"@context\":\"https:\\\/\\\/schema.org\",\"@graph\":[{\"@type\":\"Article\",\"@id\":\"https:\\\/\\\/blogue.rolandogomes.com\\\/index.php\\\/2022\\\/09\\\/02\\\/confessions-et-reflexions-dadieu-a-la-course-a-pied\\\/#article\",\"isPartOf\":{\"@id\":\"https:\\\/\\\/blogue.rolandogomes.com\\\/index.php\\\/2022\\\/09\\\/02\\\/confessions-et-reflexions-dadieu-a-la-course-a-pied\\\/\"},\"author\":{\"name\":\"Rolando Gomes\",\"@id\":\"https:\\\/\\\/blogue.rolandogomes.com\\\/#\\\/schema\\\/person\\\/0c9e702e9801d80ffbc66f530322379e\"},\"headline\":\"Confessions et r\u00e9flexions d\u2019adieu \u00e0 la course \u00e0 pied\",\"datePublished\":\"2022-09-02T14:02:28+00:00\",\"dateModified\":\"2022-09-02T16:28:41+00:00\",\"mainEntityOfPage\":{\"@id\":\"https:\\\/\\\/blogue.rolandogomes.com\\\/index.php\\\/2022\\\/09\\\/02\\\/confessions-et-reflexions-dadieu-a-la-course-a-pied\\\/\"},\"wordCount\":2685,\"publisher\":{\"@id\":\"https:\\\/\\\/blogue.rolandogomes.com\\\/#\\\/schema\\\/person\\\/0c9e702e9801d80ffbc66f530322379e\"},\"image\":{\"@id\":\"https:\\\/\\\/blogue.rolandogomes.com\\\/index.php\\\/2022\\\/09\\\/02\\\/confessions-et-reflexions-dadieu-a-la-course-a-pied\\\/#primaryimage\"},\"thumbnailUrl\":\"https:\\\/\\\/blogue.rolandogomes.com\\\/wp-content\\\/uploads\\\/2022\\\/09\\\/Saint-Germain.jpg\",\"articleSection\":[\"Textes divers\"],\"inLanguage\":\"fr-CA\"},{\"@type\":\"WebPage\",\"@id\":\"https:\\\/\\\/blogue.rolandogomes.com\\\/index.php\\\/2022\\\/09\\\/02\\\/confessions-et-reflexions-dadieu-a-la-course-a-pied\\\/\",\"url\":\"https:\\\/\\\/blogue.rolandogomes.com\\\/index.php\\\/2022\\\/09\\\/02\\\/confessions-et-reflexions-dadieu-a-la-course-a-pied\\\/\",\"name\":\"Confessions et r\u00e9flexions d\u2019adieu \u00e0 la course \u00e0 pied - Dans la grotte des souffrances\",\"isPartOf\":{\"@id\":\"https:\\\/\\\/blogue.rolandogomes.com\\\/#website\"},\"primaryImageOfPage\":{\"@id\":\"https:\\\/\\\/blogue.rolandogomes.com\\\/index.php\\\/2022\\\/09\\\/02\\\/confessions-et-reflexions-dadieu-a-la-course-a-pied\\\/#primaryimage\"},\"image\":{\"@id\":\"https:\\\/\\\/blogue.rolandogomes.com\\\/index.php\\\/2022\\\/09\\\/02\\\/confessions-et-reflexions-dadieu-a-la-course-a-pied\\\/#primaryimage\"},\"thumbnailUrl\":\"https:\\\/\\\/blogue.rolandogomes.com\\\/wp-content\\\/uploads\\\/2022\\\/09\\\/Saint-Germain.jpg\",\"datePublished\":\"2022-09-02T14:02:28+00:00\",\"dateModified\":\"2022-09-02T16:28:41+00:00\",\"description\":\"Confessions et r\u00e9flexions d\u2019adieu \u00e0 la course \u00e0 pied - Dans la grotte des souffrances (blogue sur la course \u00e0 pied)\",\"breadcrumb\":{\"@id\":\"https:\\\/\\\/blogue.rolandogomes.com\\\/index.php\\\/2022\\\/09\\\/02\\\/confessions-et-reflexions-dadieu-a-la-course-a-pied\\\/#breadcrumb\"},\"inLanguage\":\"fr-CA\",\"potentialAction\":[{\"@type\":\"ReadAction\",\"target\":[\"https:\\\/\\\/blogue.rolandogomes.com\\\/index.php\\\/2022\\\/09\\\/02\\\/confessions-et-reflexions-dadieu-a-la-course-a-pied\\\/\"]}]},{\"@type\":\"ImageObject\",\"inLanguage\":\"fr-CA\",\"@id\":\"https:\\\/\\\/blogue.rolandogomes.com\\\/index.php\\\/2022\\\/09\\\/02\\\/confessions-et-reflexions-dadieu-a-la-course-a-pied\\\/#primaryimage\",\"url\":\"https:\\\/\\\/blogue.rolandogomes.com\\\/wp-content\\\/uploads\\\/2022\\\/09\\\/Saint-Germain.jpg\",\"contentUrl\":\"https:\\\/\\\/blogue.rolandogomes.com\\\/wp-content\\\/uploads\\\/2022\\\/09\\\/Saint-Germain.jpg\",\"width\":500,\"height\":300},{\"@type\":\"BreadcrumbList\",\"@id\":\"https:\\\/\\\/blogue.rolandogomes.com\\\/index.php\\\/2022\\\/09\\\/02\\\/confessions-et-reflexions-dadieu-a-la-course-a-pied\\\/#breadcrumb\",\"itemListElement\":[{\"@type\":\"ListItem\",\"position\":1,\"name\":\"Accueil\",\"item\":\"https:\\\/\\\/blogue.rolandogomes.com\\\/\"},{\"@type\":\"ListItem\",\"position\":2,\"name\":\"Confessions et r\u00e9flexions d\u2019adieu \u00e0 la course \u00e0 pied\"}]},{\"@type\":\"WebSite\",\"@id\":\"https:\\\/\\\/blogue.rolandogomes.com\\\/#website\",\"url\":\"https:\\\/\\\/blogue.rolandogomes.com\\\/\",\"name\":\"Faits d\u2019armes et textes divers\",\"description\":\"\",\"publisher\":{\"@id\":\"https:\\\/\\\/blogue.rolandogomes.com\\\/#\\\/schema\\\/person\\\/0c9e702e9801d80ffbc66f530322379e\"},\"potentialAction\":[{\"@type\":\"SearchAction\",\"target\":{\"@type\":\"EntryPoint\",\"urlTemplate\":\"https:\\\/\\\/blogue.rolandogomes.com\\\/?s={search_term_string}\"},\"query-input\":{\"@type\":\"PropertyValueSpecification\",\"valueRequired\":true,\"valueName\":\"search_term_string\"}}],\"inLanguage\":\"fr-CA\"},{\"@type\":[\"Person\",\"Organization\"],\"@id\":\"https:\\\/\\\/blogue.rolandogomes.com\\\/#\\\/schema\\\/person\\\/0c9e702e9801d80ffbc66f530322379e\",\"name\":\"Rolando Gomes\",\"image\":{\"@type\":\"ImageObject\",\"inLanguage\":\"fr-CA\",\"@id\":\"https:\\\/\\\/secure.gravatar.com\\\/avatar\\\/02806170276a1e21432b8be8b6251f762e460a1c80da7224828c026d7253d41c?s=96&d=mm&r=g\",\"url\":\"https:\\\/\\\/secure.gravatar.com\\\/avatar\\\/02806170276a1e21432b8be8b6251f762e460a1c80da7224828c026d7253d41c?s=96&d=mm&r=g\",\"contentUrl\":\"https:\\\/\\\/secure.gravatar.com\\\/avatar\\\/02806170276a1e21432b8be8b6251f762e460a1c80da7224828c026d7253d41c?s=96&d=mm&r=g\",\"caption\":\"Rolando Gomes\"},\"logo\":{\"@id\":\"https:\\\/\\\/secure.gravatar.com\\\/avatar\\\/02806170276a1e21432b8be8b6251f762e460a1c80da7224828c026d7253d41c?s=96&d=mm&r=g\"},\"sameAs\":[\"https:\\\/\\\/blogue.rolandogomes.com\"]}]}<\/script>\n<!-- \/ Yoast SEO plugin. -->","yoast_head_json":{"title":"Confessions et r\u00e9flexions d\u2019adieu \u00e0 la course \u00e0 pied - Dans la grotte des souffrances","description":"Confessions et r\u00e9flexions d\u2019adieu \u00e0 la course \u00e0 pied - Dans la grotte des souffrances (blogue sur la course \u00e0 pied)","robots":{"index":"index","follow":"follow","max-snippet":"max-snippet:-1","max-image-preview":"max-image-preview:large","max-video-preview":"max-video-preview:-1"},"canonical":"https:\/\/blogue.rolandogomes.com\/index.php\/2022\/09\/02\/confessions-et-reflexions-dadieu-a-la-course-a-pied\/","og_locale":"fr_CA","og_type":"article","og_title":"Confessions et r\u00e9flexions d\u2019adieu \u00e0 la course \u00e0 pied","og_description":"Dans la grotte des souffrances","og_url":"https:\/\/blogue.rolandogomes.com\/index.php\/2022\/09\/02\/confessions-et-reflexions-dadieu-a-la-course-a-pied\/","og_site_name":"Dans la grotte des souffrances","article_published_time":"2022-09-02T14:02:28+00:00","article_modified_time":"2022-09-02T16:28:41+00:00","og_image":[{"width":500,"height":300,"url":"https:\/\/blogue.rolandogomes.com\/wp-content\/uploads\/2022\/09\/Saint-Germain.jpg","type":"image\/jpeg"}],"author":"Rolando Gomes","twitter_card":"summary_large_image","twitter_misc":{"\u00c9crit par":"Rolando Gomes","Estimation du temps de lecture":"13 minutes"},"schema":{"@context":"https:\/\/schema.org","@graph":[{"@type":"Article","@id":"https:\/\/blogue.rolandogomes.com\/index.php\/2022\/09\/02\/confessions-et-reflexions-dadieu-a-la-course-a-pied\/#article","isPartOf":{"@id":"https:\/\/blogue.rolandogomes.com\/index.php\/2022\/09\/02\/confessions-et-reflexions-dadieu-a-la-course-a-pied\/"},"author":{"name":"Rolando Gomes","@id":"https:\/\/blogue.rolandogomes.com\/#\/schema\/person\/0c9e702e9801d80ffbc66f530322379e"},"headline":"Confessions et r\u00e9flexions d\u2019adieu \u00e0 la course \u00e0 pied","datePublished":"2022-09-02T14:02:28+00:00","dateModified":"2022-09-02T16:28:41+00:00","mainEntityOfPage":{"@id":"https:\/\/blogue.rolandogomes.com\/index.php\/2022\/09\/02\/confessions-et-reflexions-dadieu-a-la-course-a-pied\/"},"wordCount":2685,"publisher":{"@id":"https:\/\/blogue.rolandogomes.com\/#\/schema\/person\/0c9e702e9801d80ffbc66f530322379e"},"image":{"@id":"https:\/\/blogue.rolandogomes.com\/index.php\/2022\/09\/02\/confessions-et-reflexions-dadieu-a-la-course-a-pied\/#primaryimage"},"thumbnailUrl":"https:\/\/blogue.rolandogomes.com\/wp-content\/uploads\/2022\/09\/Saint-Germain.jpg","articleSection":["Textes divers"],"inLanguage":"fr-CA"},{"@type":"WebPage","@id":"https:\/\/blogue.rolandogomes.com\/index.php\/2022\/09\/02\/confessions-et-reflexions-dadieu-a-la-course-a-pied\/","url":"https:\/\/blogue.rolandogomes.com\/index.php\/2022\/09\/02\/confessions-et-reflexions-dadieu-a-la-course-a-pied\/","name":"Confessions et r\u00e9flexions d\u2019adieu \u00e0 la course \u00e0 pied - Dans la grotte des souffrances","isPartOf":{"@id":"https:\/\/blogue.rolandogomes.com\/#website"},"primaryImageOfPage":{"@id":"https:\/\/blogue.rolandogomes.com\/index.php\/2022\/09\/02\/confessions-et-reflexions-dadieu-a-la-course-a-pied\/#primaryimage"},"image":{"@id":"https:\/\/blogue.rolandogomes.com\/index.php\/2022\/09\/02\/confessions-et-reflexions-dadieu-a-la-course-a-pied\/#primaryimage"},"thumbnailUrl":"https:\/\/blogue.rolandogomes.com\/wp-content\/uploads\/2022\/09\/Saint-Germain.jpg","datePublished":"2022-09-02T14:02:28+00:00","dateModified":"2022-09-02T16:28:41+00:00","description":"Confessions et r\u00e9flexions d\u2019adieu \u00e0 la course \u00e0 pied - Dans la grotte des souffrances (blogue sur la course \u00e0 pied)","breadcrumb":{"@id":"https:\/\/blogue.rolandogomes.com\/index.php\/2022\/09\/02\/confessions-et-reflexions-dadieu-a-la-course-a-pied\/#breadcrumb"},"inLanguage":"fr-CA","potentialAction":[{"@type":"ReadAction","target":["https:\/\/blogue.rolandogomes.com\/index.php\/2022\/09\/02\/confessions-et-reflexions-dadieu-a-la-course-a-pied\/"]}]},{"@type":"ImageObject","inLanguage":"fr-CA","@id":"https:\/\/blogue.rolandogomes.com\/index.php\/2022\/09\/02\/confessions-et-reflexions-dadieu-a-la-course-a-pied\/#primaryimage","url":"https:\/\/blogue.rolandogomes.com\/wp-content\/uploads\/2022\/09\/Saint-Germain.jpg","contentUrl":"https:\/\/blogue.rolandogomes.com\/wp-content\/uploads\/2022\/09\/Saint-Germain.jpg","width":500,"height":300},{"@type":"BreadcrumbList","@id":"https:\/\/blogue.rolandogomes.com\/index.php\/2022\/09\/02\/confessions-et-reflexions-dadieu-a-la-course-a-pied\/#breadcrumb","itemListElement":[{"@type":"ListItem","position":1,"name":"Accueil","item":"https:\/\/blogue.rolandogomes.com\/"},{"@type":"ListItem","position":2,"name":"Confessions et r\u00e9flexions d\u2019adieu \u00e0 la course \u00e0 pied"}]},{"@type":"WebSite","@id":"https:\/\/blogue.rolandogomes.com\/#website","url":"https:\/\/blogue.rolandogomes.com\/","name":"Faits d\u2019armes et textes divers","description":"","publisher":{"@id":"https:\/\/blogue.rolandogomes.com\/#\/schema\/person\/0c9e702e9801d80ffbc66f530322379e"},"potentialAction":[{"@type":"SearchAction","target":{"@type":"EntryPoint","urlTemplate":"https:\/\/blogue.rolandogomes.com\/?s={search_term_string}"},"query-input":{"@type":"PropertyValueSpecification","valueRequired":true,"valueName":"search_term_string"}}],"inLanguage":"fr-CA"},{"@type":["Person","Organization"],"@id":"https:\/\/blogue.rolandogomes.com\/#\/schema\/person\/0c9e702e9801d80ffbc66f530322379e","name":"Rolando Gomes","image":{"@type":"ImageObject","inLanguage":"fr-CA","@id":"https:\/\/secure.gravatar.com\/avatar\/02806170276a1e21432b8be8b6251f762e460a1c80da7224828c026d7253d41c?s=96&d=mm&r=g","url":"https:\/\/secure.gravatar.com\/avatar\/02806170276a1e21432b8be8b6251f762e460a1c80da7224828c026d7253d41c?s=96&d=mm&r=g","contentUrl":"https:\/\/secure.gravatar.com\/avatar\/02806170276a1e21432b8be8b6251f762e460a1c80da7224828c026d7253d41c?s=96&d=mm&r=g","caption":"Rolando Gomes"},"logo":{"@id":"https:\/\/secure.gravatar.com\/avatar\/02806170276a1e21432b8be8b6251f762e460a1c80da7224828c026d7253d41c?s=96&d=mm&r=g"},"sameAs":["https:\/\/blogue.rolandogomes.com"]}]}},"_links":{"self":[{"href":"https:\/\/blogue.rolandogomes.com\/index.php\/wp-json\/wp\/v2\/posts\/560","targetHints":{"allow":["GET"]}}],"collection":[{"href":"https:\/\/blogue.rolandogomes.com\/index.php\/wp-json\/wp\/v2\/posts"}],"about":[{"href":"https:\/\/blogue.rolandogomes.com\/index.php\/wp-json\/wp\/v2\/types\/post"}],"author":[{"embeddable":true,"href":"https:\/\/blogue.rolandogomes.com\/index.php\/wp-json\/wp\/v2\/users\/1"}],"replies":[{"embeddable":true,"href":"https:\/\/blogue.rolandogomes.com\/index.php\/wp-json\/wp\/v2\/comments?post=560"}],"version-history":[{"count":12,"href":"https:\/\/blogue.rolandogomes.com\/index.php\/wp-json\/wp\/v2\/posts\/560\/revisions"}],"predecessor-version":[{"id":573,"href":"https:\/\/blogue.rolandogomes.com\/index.php\/wp-json\/wp\/v2\/posts\/560\/revisions\/573"}],"wp:attachment":[{"href":"https:\/\/blogue.rolandogomes.com\/index.php\/wp-json\/wp\/v2\/media?parent=560"}],"wp:term":[{"taxonomy":"category","embeddable":true,"href":"https:\/\/blogue.rolandogomes.com\/index.php\/wp-json\/wp\/v2\/categories?post=560"},{"taxonomy":"post_tag","embeddable":true,"href":"https:\/\/blogue.rolandogomes.com\/index.php\/wp-json\/wp\/v2\/tags?post=560"}],"curies":[{"name":"wp","href":"https:\/\/api.w.org\/{rel}","templated":true}]}}